{"id":4423,"date":"2022-02-01T16:04:39","date_gmt":"2022-02-01T16:04:39","guid":{"rendered":"https:\/\/demelina.com\/?post_type=wpl_post_locations&#038;p=4423"},"modified":"2026-01-04T21:51:39","modified_gmt":"2026-01-04T21:51:39","slug":"moving-laval-des-rapides","status":"publish","type":"wpl_post_locations","link":"https:\/\/demelina.com\/en\/location\/moving-laval-des-rapides\/","title":{"rendered":"Moving Laval des Rapides"},"content":{"rendered":"\n<h2 class=\"wp-block-heading\" id=\"moving-laval-des-rapides-professional-movers-2022\"><strong><mark style=\"background-color:rgba(0, 0, 0, 0)\" class=\"has-inline-color has-vivid-cyan-blue-color\">Moving Laval des Rapides \u2013 Professional Movers 2026<\/mark><\/strong><\/h2>\n\n\n\n<blockquote class=\"wp-block-quote is-layout-flow wp-block-quote-is-layout-flow\">\n<p><mark style=\"background-color:rgba(0, 0, 0, 0)\" class=\"has-inline-color has-black-color\">Moving Laval des Rapides<\/mark><\/p>\n<\/blockquote>\n\n\n\n<p>Choosing a place to live is essential to feel good. So for those looking for an amazing and peaceful quality of life, <strong>Laval des Rapides <\/strong>can be a good choice.<\/p>\n\n\n\n<p>So you have decided to move to <strong>Laval des Rapides<\/strong>? Start planning each step of the home exchange. Above all, think about the budget you want to allocate to this project. If you want the moving to be quick and inexpensive, it would be best to turn to a <strong>professional moving company<\/strong>. Indeed, moving experts, such as <strong>Demelina movers<\/strong>, will help you with packing, loading, transporting, unloading and assembling your furniture.<\/p>\n\n\n\n<p><strong>By calling on Demelina Moving you can obtain:<\/strong><\/p>\n\n\n\n<ol class=\"wp-block-list\">\n<li>A quality moving service with professional movers.<\/li>\n\n\n\n<li>A competitive price.<\/li>\n<\/ol>\n\n\n\n<p>By studying the moving market for 13 years of activity, we have come to the conclusion that the combination of price and quality is the fundamental interest of customers.<\/p>\n\n\n\n<p>That&#8217;s why Demelina&#8217;s goal is to find personalized packages for each particular client, whether it&#8217;s a <strong>residential, commercial <\/strong>or <strong>long-distance moving<\/strong>.<\/p>\n\n\n\n<hr class=\"wp-block-separator has-alpha-channel-opacity\"\/>\n\n\n\n<h4 class=\"wp-block-heading\" id=\"residential-moving-in-laval-des-rapides\"><strong><mark style=\"background-color:rgba(0, 0, 0, 0)\" class=\"has-inline-color has-vivid-cyan-blue-color\">Residential moving in Laval des Rapides<\/mark><\/strong><\/h4>\n\n\n\n<p><strong>Residential movings <\/strong>are the most popular among moving services. This is the reason why our company has a very rich experience in offering this service to all our customers.<\/p>\n\n\n\n<p>Use our <strong>residential moving services<\/strong>. Therefore, you will benefit from a turnkey, courteous and meticulous professional moving service.<\/p>\n\n\n\n<p>Rule number 1 for all our movers is above all respect for customers. Second, pay special attention to all of their belongings.<\/p>\n\n\n\n<p><strong>Our residential moving services:<\/strong><\/p>\n\n\n\n<ul class=\"wp-block-list\">\n<li><strong>Moving piano in Laval des Rapides<\/strong> with professional and well-equipped movers.<\/li>\n\n\n\n<li><strong>Pool table moving services<\/strong> which includes: dismantling and reassembly of the pool table, changing of carpets by teams of movers specialized in this trade.<\/li>\n\n\n\n<li><strong>Last minute moving<\/strong> \u2013 urgent moving, same day.<\/li>\n\n\n\n<li><strong>Small moving and delivery of household appliance<\/strong>s.<\/li>\n\n\n\n<li><strong>Furniture assembly in Laval des Rapides <\/strong>of all kinds of furniture and home or business offices.<\/li>\n<\/ul>\n\n\n\n<hr class=\"wp-block-separator has-css-opacity\"\/>\n\n\n\n<h4 class=\"wp-block-heading\" id=\"commercial-moving-in-laval-des-rapides\"><strong><mark style=\"background-color:rgba(0, 0, 0, 0)\" class=\"has-inline-color has-vivid-cyan-blue-color\">Commercial moving in Laval des Rapides<\/mark><\/strong><\/h4>\n\n\n\n<p>In fact, in the life of a company, it is common to have to change your place of work. Whether you need a bigger or smaller space, moving from one business to another can sometimes be quite stressful. In this case, 2 things are important: <em>planning<\/em> and <em>choosing a commercial mover<\/em>.<\/p>\n\n\n\n<p>First, set the moving date. Second, set the budget for the <a href=\"https:\/\/demelina.com\/en\/service\/commercial-moving\/\">commercial moving<\/a>. Finally, carefully plan each step of the moving and determine everyone&#8217;s role in the process. Treat yourself to the service of a <strong>professional commercial mover<\/strong>.<\/p>\n\n\n\n<div class=\"wp-block-columns is-layout-flex wp-container-core-columns-is-layout-9d6595d7 wp-block-columns-is-layout-flex\">\n<div class=\"wp-block-column is-layout-flow wp-block-column-is-layout-flow\">\n<p><strong>We carry out the following types of commercial moving:<\/strong><\/p>\n\n\n\n<ul class=\"wp-block-list\">\n<li>Moving companies<\/li>\n\n\n\n<li>Office transport and moving<\/li>\n\n\n\n<li>Moving restaurants<\/li>\n\n\n\n<li>Transportation of medical equipment<\/li>\n\n\n\n<li>Moving daycares<\/li>\n\n\n\n<li>Moving government institutions.<\/li>\n<\/ul>\n\n\n\n<p>Our commercial movers will take care of organizing the company moving and transporting the contents of the offices in the best conditions.<\/p>\n\n\n\n<p>If the equipment is very bulky and requires special transport, no problem.<\/p>\n\n\n\n<p>We have the necessary knowledge and technique as well as the right equipment to carry out this project.<\/p>\n\n\n\n<p>We are at your disposal for installation and assembly at the best price. For example: installation and assembly of modular workstations, storage units, computer desks, etc.<\/p>\n\n\n\n<p><a href=\"https:\/\/demelina.com\/en\/free-quote\/\">Request a free and fast quote online.<\/a><\/p>\n<\/div>\n\n\n\n<div class=\"wp-block-column is-layout-flow wp-block-column-is-layout-flow\">\n<figure class=\"wp-block-image size-large\"><img loading=\"lazy\" decoding=\"async\" width=\"681\" height=\"1024\" src=\"https:\/\/demelina.com\/wp-content\/uploads\/2022\/01\/demenagement-laval-des-rapides-681x1024.jpg\" alt=\"Moving Laval des Rapides\" class=\"wp-image-4174\" srcset=\"https:\/\/demelina.com\/wp-content\/uploads\/2022\/01\/demenagement-laval-des-rapides-681x1024.jpg 681w, https:\/\/demelina.com\/wp-content\/uploads\/2022\/01\/demenagement-laval-des-rapides-200x300.jpg 200w, https:\/\/demelina.com\/wp-content\/uploads\/2022\/01\/demenagement-laval-des-rapides-768x1155.jpg 768w, https:\/\/demelina.com\/wp-content\/uploads\/2022\/01\/demenagement-laval-des-rapides-1022x1536.jpg 1022w, https:\/\/demelina.com\/wp-content\/uploads\/2022\/01\/demenagement-laval-des-rapides-1362x2048.jpg 1362w, https:\/\/demelina.com\/wp-content\/uploads\/2022\/01\/demenagement-laval-des-rapides.jpg 1703w\" sizes=\"auto, (max-width: 681px) 100vw, 681px\" \/><\/figure>\n<\/div>\n<\/div>\n\n\n\n<hr class=\"wp-block-separator has-alpha-channel-opacity\"\/>\n\n\n\n<h4 class=\"wp-block-heading\" id=\"long-distance-moving-at-low-prices-from-laval-des-rapides\"><strong><mark style=\"background-color:rgba(0, 0, 0, 0)\" class=\"has-inline-color has-vivid-cyan-blue-color\">Long distance moving at low prices from Laval des Rapides<\/mark><\/strong><\/h4>\n\n\n\n<p>Whether you are moving to <strong>Quebec<\/strong>, <strong>Ontario<\/strong>, <strong>New Brunswick<\/strong> or another province, you can count on our moving services. At least once a week, we carry out <strong>long distance movings, residential <\/strong>or <strong>commercial<\/strong>.<\/p>\n\n\n\n<p>If you want to save money, you can use our <strong>groupage service<\/strong>.<\/p>\n\n\n\n<p>Contact us to give us details of your moving and we will offer you personalized solutions at a good price.<\/p>\n\n\n\n<p><strong>We offer long distance moving services from Laval des Rapides to:<\/strong> Val d&#8217;Or, moving Laval des Rapides-Quebec-Laval des Rapides, Laval des Rapides-Cap-de-la-Madeleine, Laval des Rapides-Chicoutimi, moving Laval des Rapides to Gatineau, Laval des Rapides -Magog, moving Laval des Rapides to Mont-Tremblant, Laval des Rapides-Moncton, movers Quebec City-Laval des Rapides, Laval des Rapides-Rimouski, Laval des Rapides-Rivi\u00e8re-du-Loup, Laval des Rapides-Saguenay, Laval des Rapides-Sept-\u00celes, Laval des Rapides-Sherbrooke, Laval des Rapides-Shawinigan, moving Laval des Rapides-Trois-Rivi\u00e8res, etc.<\/p>\n\n\n\n<p><strong>To book a residential, commercial or long distance moving in Laval des Rapides, contact us at <mark style=\"background-color:rgba(0, 0, 0, 0)\" class=\"has-inline-color has-vivid-cyan-blue-color\">438-989-8639.<\/mark><\/strong><\/p>\n","protected":false},"excerpt":{"rendered":"<p>Quality moving in Laval des Rapides with professional movers. Fixed prices for long distance moving. Piano, pool table transport and assembly.<\/p>\n","protected":false},"author":2,"featured_media":14887,"parent":0,"menu_order":0,"template":"","wpl_locations_category":[25],"class_list":["post-4423","wpl_post_locations","type-wpl_post_locations","status-publish","has-post-thumbnail","hentry","wpl_locations_category-north-shore"],"yoast_head":"<!-- This site is optimized with the Yoast SEO Premium plugin v24.2 (Yoast SEO v27.5) - https:\/\/yoast.com\/product\/yoast-seo-premium-wordpress\/ -->\n<title>Moving Laval des Rapides \u2013 Professional movers 2026<\/title>\n<meta name=\"description\" content=\"Quality moving in Laval des Rapides with professional movers. Fixed prices for long distance moving. Piano, pool table transport and assembly.\" \/>\n<meta name=\"robots\" content=\"index, follow, max-snippet:-1, max-image-preview:large, max-video-preview:-1\" \/>\n<link rel=\"canonical\" href=\"https:\/\/demelina.com\/en\/location\/moving-laval-des-rapides\/\" \/>\n<meta property=\"og:locale\" content=\"en_US\" \/>\n<meta property=\"og:type\" content=\"article\" \/>\n<meta property=\"og:title\" content=\"Moving Laval des Rapides\" \/>\n<meta property=\"og:description\" content=\"Quality moving in Laval des Rapides with professional movers. Fixed prices for long distance moving. Piano, pool table transport and assembly.\" \/>\n<meta property=\"og:url\" content=\"https:\/\/demelina.com\/en\/location\/moving-laval-des-rapides\/\" \/>\n<meta property=\"og:site_name\" content=\"Demelina Moving\" \/>\n<meta property=\"article:modified_time\" content=\"2026-01-04T21:51:39+00:00\" \/>\n<meta property=\"og:image\" content=\"https:\/\/demelina.com\/wp-content\/uploads\/2022\/01\/Demenagement-Laval-des-Rapides-2.jpg\" \/>\n\t<meta property=\"og:image:width\" content=\"1920\" \/>\n\t<meta property=\"og:image:height\" content=\"1080\" \/>\n\t<meta property=\"og:image:type\" content=\"image\/jpeg\" \/>\n<meta name=\"twitter:label1\" content=\"Est. reading time\" \/>\n\t<meta name=\"twitter:data1\" content=\"4 minutes\" \/>\n<script type=\"application\/ld+json\" class=\"yoast-schema-graph\">{\"@context\":\"https:\\\/\\\/schema.org\",\"@graph\":[{\"@type\":\"WebPage\",\"@id\":\"https:\\\/\\\/demelina.com\\\/en\\\/location\\\/moving-laval-des-rapides\\\/\",\"url\":\"https:\\\/\\\/demelina.com\\\/en\\\/location\\\/moving-laval-des-rapides\\\/\",\"name\":\"Moving Laval des Rapides \u2013 Professional movers 2026\",\"isPartOf\":{\"@id\":\"https:\\\/\\\/demelina.com\\\/en\\\/#website\"},\"primaryImageOfPage\":{\"@id\":\"https:\\\/\\\/demelina.com\\\/en\\\/location\\\/moving-laval-des-rapides\\\/#primaryimage\"},\"image\":{\"@id\":\"https:\\\/\\\/demelina.com\\\/en\\\/location\\\/moving-laval-des-rapides\\\/#primaryimage\"},\"thumbnailUrl\":\"https:\\\/\\\/demelina.com\\\/wp-content\\\/uploads\\\/2022\\\/01\\\/Demenagement-Laval-des-Rapides-2.jpg\",\"datePublished\":\"2022-02-01T16:04:39+00:00\",\"dateModified\":\"2026-01-04T21:51:39+00:00\",\"description\":\"Quality moving in Laval des Rapides with professional movers. Fixed prices for long distance moving. Piano, pool table transport and assembly.\",\"breadcrumb\":{\"@id\":\"https:\\\/\\\/demelina.com\\\/en\\\/location\\\/moving-laval-des-rapides\\\/#breadcrumb\"},\"inLanguage\":\"en-US\",\"potentialAction\":[{\"@type\":\"ReadAction\",\"target\":[\"https:\\\/\\\/demelina.com\\\/en\\\/location\\\/moving-laval-des-rapides\\\/\"]}]},{\"@type\":\"ImageObject\",\"inLanguage\":\"en-US\",\"@id\":\"https:\\\/\\\/demelina.com\\\/en\\\/location\\\/moving-laval-des-rapides\\\/#primaryimage\",\"url\":\"https:\\\/\\\/demelina.com\\\/wp-content\\\/uploads\\\/2022\\\/01\\\/Demenagement-Laval-des-Rapides-2.jpg\",\"contentUrl\":\"https:\\\/\\\/demelina.com\\\/wp-content\\\/uploads\\\/2022\\\/01\\\/Demenagement-Laval-des-Rapides-2.jpg\",\"width\":1920,\"height\":1080,\"caption\":\"D\u00e9m\u00e9nagement Laval des Rapides\"},{\"@type\":\"BreadcrumbList\",\"@id\":\"https:\\\/\\\/demelina.com\\\/en\\\/location\\\/moving-laval-des-rapides\\\/#breadcrumb\",\"itemListElement\":[{\"@type\":\"ListItem\",\"position\":1,\"name\":\"Home\",\"item\":\"https:\\\/\\\/demelina.com\\\/en\\\/\"},{\"@type\":\"ListItem\",\"position\":2,\"name\":\"North Shore\",\"item\":\"https:\\\/\\\/demelina.com\\\/en\\\/region\\\/north-shore\\\/\"},{\"@type\":\"ListItem\",\"position\":3,\"name\":\"Moving Laval des Rapides\"}]},{\"@type\":\"WebSite\",\"@id\":\"https:\\\/\\\/demelina.com\\\/en\\\/#website\",\"url\":\"https:\\\/\\\/demelina.com\\\/en\\\/\",\"name\":\"Demelina Moving\",\"description\":\"Moving Services in Greater Montr\u00e9al\",\"potentialAction\":[{\"@type\":\"SearchAction\",\"target\":{\"@type\":\"EntryPoint\",\"urlTemplate\":\"https:\\\/\\\/demelina.com\\\/en\\\/?s={search_term_string}\"},\"query-input\":{\"@type\":\"PropertyValueSpecification\",\"valueRequired\":true,\"valueName\":\"search_term_string\"}}],\"inLanguage\":\"en-US\"}]}<\/script>\n<!-- \/ Yoast SEO Premium plugin. -->","yoast_head_json":{"title":"Moving Laval des Rapides \u2013 Professional movers 2026","description":"Quality moving in Laval des Rapides with professional movers. Fixed prices for long distance moving. Piano, pool table transport and assembly.","robots":{"index":"index","follow":"follow","max-snippet":"max-snippet:-1","max-image-preview":"max-image-preview:large","max-video-preview":"max-video-preview:-1"},"canonical":"https:\/\/demelina.com\/en\/location\/moving-laval-des-rapides\/","og_locale":"en_US","og_type":"article","og_title":"Moving Laval des Rapides","og_description":"Quality moving in Laval des Rapides with professional movers. Fixed prices for long distance moving. Piano, pool table transport and assembly.","og_url":"https:\/\/demelina.com\/en\/location\/moving-laval-des-rapides\/","og_site_name":"Demelina Moving","article_modified_time":"2026-01-04T21:51:39+00:00","og_image":[{"width":1920,"height":1080,"url":"https:\/\/demelina.com\/wp-content\/uploads\/2022\/01\/Demenagement-Laval-des-Rapides-2.jpg","type":"image\/jpeg"}],"twitter_misc":{"Est. reading time":"4 minutes"},"schema":{"@context":"https:\/\/schema.org","@graph":[{"@type":"WebPage","@id":"https:\/\/demelina.com\/en\/location\/moving-laval-des-rapides\/","url":"https:\/\/demelina.com\/en\/location\/moving-laval-des-rapides\/","name":"Moving Laval des Rapides \u2013 Professional movers 2026","isPartOf":{"@id":"https:\/\/demelina.com\/en\/#website"},"primaryImageOfPage":{"@id":"https:\/\/demelina.com\/en\/location\/moving-laval-des-rapides\/#primaryimage"},"image":{"@id":"https:\/\/demelina.com\/en\/location\/moving-laval-des-rapides\/#primaryimage"},"thumbnailUrl":"https:\/\/demelina.com\/wp-content\/uploads\/2022\/01\/Demenagement-Laval-des-Rapides-2.jpg","datePublished":"2022-02-01T16:04:39+00:00","dateModified":"2026-01-04T21:51:39+00:00","description":"Quality moving in Laval des Rapides with professional movers. Fixed prices for long distance moving. Piano, pool table transport and assembly.","breadcrumb":{"@id":"https:\/\/demelina.com\/en\/location\/moving-laval-des-rapides\/#breadcrumb"},"inLanguage":"en-US","potentialAction":[{"@type":"ReadAction","target":["https:\/\/demelina.com\/en\/location\/moving-laval-des-rapides\/"]}]},{"@type":"ImageObject","inLanguage":"en-US","@id":"https:\/\/demelina.com\/en\/location\/moving-laval-des-rapides\/#primaryimage","url":"https:\/\/demelina.com\/wp-content\/uploads\/2022\/01\/Demenagement-Laval-des-Rapides-2.jpg","contentUrl":"https:\/\/demelina.com\/wp-content\/uploads\/2022\/01\/Demenagement-Laval-des-Rapides-2.jpg","width":1920,"height":1080,"caption":"D\u00e9m\u00e9nagement Laval des Rapides"},{"@type":"BreadcrumbList","@id":"https:\/\/demelina.com\/en\/location\/moving-laval-des-rapides\/#breadcrumb","itemListElement":[{"@type":"ListItem","position":1,"name":"Home","item":"https:\/\/demelina.com\/en\/"},{"@type":"ListItem","position":2,"name":"North Shore","item":"https:\/\/demelina.com\/en\/region\/north-shore\/"},{"@type":"ListItem","position":3,"name":"Moving Laval des Rapides"}]},{"@type":"WebSite","@id":"https:\/\/demelina.com\/en\/#website","url":"https:\/\/demelina.com\/en\/","name":"Demelina Moving","description":"Moving Services in Greater Montr\u00e9al","potentialAction":[{"@type":"SearchAction","target":{"@type":"EntryPoint","urlTemplate":"https:\/\/demelina.com\/en\/?s={search_term_string}"},"query-input":{"@type":"PropertyValueSpecification","valueRequired":true,"valueName":"search_term_string"}}],"inLanguage":"en-US"}]}},"_links":{"self":[{"href":"https:\/\/demelina.com\/en\/wp-json\/wp\/v2\/wpl_post_locations\/4423","targetHints":{"allow":["GET"]}}],"collection":[{"href":"https:\/\/demelina.com\/en\/wp-json\/wp\/v2\/wpl_post_locations"}],"about":[{"href":"https:\/\/demelina.com\/en\/wp-json\/wp\/v2\/types\/wpl_post_locations"}],"author":[{"embeddable":true,"href":"https:\/\/demelina.com\/en\/wp-json\/wp\/v2\/users\/2"}],"version-history":[{"count":6,"href":"https:\/\/demelina.com\/en\/wp-json\/wp\/v2\/wpl_post_locations\/4423\/revisions"}],"predecessor-version":[{"id":15901,"href":"https:\/\/demelina.com\/en\/wp-json\/wp\/v2\/wpl_post_locations\/4423\/revisions\/15901"}],"wp:featuredmedia":[{"embeddable":true,"href":"https:\/\/demelina.com\/en\/wp-json\/wp\/v2\/media\/14887"}],"wp:attachment":[{"href":"https:\/\/demelina.com\/en\/wp-json\/wp\/v2\/media?parent=4423"}],"wp:term":[{"taxonomy":"wpl_locations_category","embeddable":true,"href":"https:\/\/demelina.com\/en\/wp-json\/wp\/v2\/wpl_locations_category?post=4423"}],"curies":[{"name":"wp","href":"https:\/\/api.w.org\/{rel}","templated":true}]}}